{"id":2479,"date":"2019-09-01T13:37:34","date_gmt":"2019-09-01T16:37:34","guid":{"rendered":"https:\/\/ciranda.direito.ufmg.br\/?p=2479"},"modified":"2020-04-28T13:34:41","modified_gmt":"2020-04-28T16:34:41","slug":"grupo-de-estudos-em-justica-restaurativa-2019-02","status":"publish","type":"post","link":"https:\/\/ciranda.direito.ufmg.br\/index.php\/grupo-de-estudos-em-justica-restaurativa-2019-02\/","title":{"rendered":"GRUPO DE ESTUDOS EM JUSTI\u00c7A RESTAURATIVA &#8211; 2019\/02"},"content":{"rendered":"\n<p><img loading=\"lazy\" decoding=\"async\" class=\"alignnone size-full wp-image-2483\" src=\"https:\/\/ciranda.direito.ufmg.br\/wp-content\/uploads\/2019\/09\/Divulga\u00e7\u00e3o-GE.png\" alt=\"\" width=\"796\" height=\"1124\" \/><\/p>\n\n\n\n<p><span style=\"font-weight: 400;\">Neste semestre, o grupo de estudos do Projeto Ciranda ocorrer\u00e1 \u00e0s quintas-feiras, de 17:30 \u00e0s 18:30, na sala 702 do pr\u00e9dio da Gradua\u00e7\u00e3o da Faculdade de Direito e Ci\u00eancias do Estado da UFMG<\/span><\/p>\n<p><span style=\"font-weight: 400;\">05\/09 &#8211; Reuni\u00e3o Inaugural: Introdu\u00e7\u00e3o \u00e0 Justi\u00e7a Restaurativa e \u00e0 Comunica\u00e7\u00e3o N\u00e3o-Violenta<\/span><\/p>\n<p><span style=\"font-weight: 400;\">19\/09 &#8211; Feminismo e Justi\u00e7a Restaurativa<\/span><\/p>\n<p><span style=\"font-weight: 400;\">10\/10 &#8211; Ra\u00e7a e Justi\u00e7a Restaurativa<\/span><\/p>\n<p><span style=\"font-weight: 400;\">24\/10 &#8211; Justi\u00e7a Restaurativa e Institui\u00e7\u00f5es<\/span><\/p>\n<p><span style=\"font-weight: 400;\">07\/11 &#8211; Justi\u00e7a Restaurativa Comunit\u00e1ria<\/span><\/p>\n<p><span style=\"font-weight: 400;\">21\/11 &#8211; Justi\u00e7a Restaurativa e Decolianismo\u00a0<\/span><\/p>\n<p><span style=\"font-weight: 400;\">28\/11 &#8211; Justi\u00e7a Restaurativa e Viol\u00eancia dom\u00e9stica<\/span><\/p>\n","protected":false},"excerpt":{"rendered":"<p>Neste semestre, o grupo de estudos do Projeto Ciranda ocorrer\u00e1 \u00e0s quintas-feiras, de 17:30 \u00e0s 18:30, na sala 702 do pr\u00e9dio da Gradua\u00e7\u00e3o da Faculdade de Direito e Ci\u00eancias do Estado da UFMG 05\/09 &#8211;<br \/><a class=\"read-more\" href=\"https:\/\/ciranda.direito.ufmg.br\/index.php\/grupo-de-estudos-em-justica-restaurativa-2019-02\/\">Read More<\/a><\/p>\n","protected":false},"author":6,"featured_media":0,"comment_status":"closed","ping_status":"closed","sticky":true,"template":"","format":"standard","meta":{"footnotes":""},"categories":[38],"tags":[],"class_list":["post-2479","post","type-post","status-publish","format-standard","hentry","category-post-formats"],"yoast_head":"<!-- This site is optimized with the Yoast SEO plugin v25.3 - https:\/\/yoast.com\/wordpress\/plugins\/seo\/ -->\n<title>GRUPO DE ESTUDOS EM JUSTI\u00c7A RESTAURATIVA - 2019\/02 - Ciranda<\/title>\n<meta name=\"robots\" content=\"index, follow, max-snippet:-1, max-image-preview:large, max-video-preview:-1\" \/>\n<link rel=\"canonical\" href=\"https:\/\/ciranda.direito.ufmg.br\/index.php\/grupo-de-estudos-em-justica-restaurativa-2019-02\/\" \/>\n<meta property=\"og:locale\" content=\"pt_BR\" \/>\n<meta property=\"og:type\" content=\"article\" \/>\n<meta property=\"og:title\" content=\"GRUPO DE ESTUDOS EM JUSTI\u00c7A RESTAURATIVA - 2019\/02 - Ciranda\" \/>\n<meta property=\"og:description\" content=\"Neste semestre, o grupo de estudos do Projeto Ciranda ocorrer\u00e1 \u00e0s quintas-feiras, de 17:30 \u00e0s 18:30, na sala 702 do pr\u00e9dio da Gradua\u00e7\u00e3o da Faculdade de Direito e Ci\u00eancias do Estado da UFMG 05\/09 &#8211;Read More\" \/>\n<meta property=\"og:url\" content=\"https:\/\/ciranda.direito.ufmg.br\/index.php\/grupo-de-estudos-em-justica-restaurativa-2019-02\/\" \/>\n<meta property=\"og:site_name\" content=\"Ciranda\" \/>\n<meta property=\"article:publisher\" content=\"https:\/\/www.facebook.com\/cirandaufmg\/\" \/>\n<meta property=\"article:published_time\" content=\"2019-09-01T16:37:34+00:00\" \/>\n<meta property=\"article:modified_time\" content=\"2020-04-28T16:34:41+00:00\" \/>\n<meta property=\"og:image\" content=\"https:\/\/ciranda.direito.ufmg.br\/wp-content\/uploads\/2019\/09\/Divulga\u00e7\u00e3o-GE.png\" \/>\n<meta name=\"author\" content=\"Rafaella Malta\" \/>\n<meta name=\"twitter:card\" content=\"summary_large_image\" \/>\n<meta name=\"twitter:label1\" content=\"Escrito por\" \/>\n\t<meta name=\"twitter:data1\" content=\"Rafaella Malta\" \/>\n<script type=\"application\/ld+json\" class=\"yoast-schema-graph\">{\"@context\":\"https:\/\/schema.org\",\"@graph\":[{\"@type\":\"Article\",\"@id\":\"https:\/\/ciranda.direito.ufmg.br\/index.php\/grupo-de-estudos-em-justica-restaurativa-2019-02\/#article\",\"isPartOf\":{\"@id\":\"https:\/\/ciranda.direito.ufmg.br\/index.php\/grupo-de-estudos-em-justica-restaurativa-2019-02\/\"},\"author\":{\"name\":\"Rafaella Malta\",\"@id\":\"https:\/\/ciranda.direito.ufmg.br\/#\/schema\/person\/3230d272f991895d12328d4c1fe3380b\"},\"headline\":\"GRUPO DE ESTUDOS EM JUSTI\u00c7A RESTAURATIVA &#8211; 2019\/02\",\"datePublished\":\"2019-09-01T16:37:34+00:00\",\"dateModified\":\"2020-04-28T16:34:41+00:00\",\"mainEntityOfPage\":{\"@id\":\"https:\/\/ciranda.direito.ufmg.br\/index.php\/grupo-de-estudos-em-justica-restaurativa-2019-02\/\"},\"wordCount\":96,\"publisher\":{\"@id\":\"https:\/\/ciranda.direito.ufmg.br\/#organization\"},\"articleSection\":[\"Post Formats\"],\"inLanguage\":\"pt-BR\"},{\"@type\":\"WebPage\",\"@id\":\"https:\/\/ciranda.direito.ufmg.br\/index.php\/grupo-de-estudos-em-justica-restaurativa-2019-02\/\",\"url\":\"https:\/\/ciranda.direito.ufmg.br\/index.php\/grupo-de-estudos-em-justica-restaurativa-2019-02\/\",\"name\":\"GRUPO DE ESTUDOS EM JUSTI\u00c7A RESTAURATIVA - 2019\/02 - Ciranda\",\"isPartOf\":{\"@id\":\"https:\/\/ciranda.direito.ufmg.br\/#website\"},\"datePublished\":\"2019-09-01T16:37:34+00:00\",\"dateModified\":\"2020-04-28T16:34:41+00:00\",\"breadcrumb\":{\"@id\":\"https:\/\/ciranda.direito.ufmg.br\/index.php\/grupo-de-estudos-em-justica-restaurativa-2019-02\/#breadcrumb\"},\"inLanguage\":\"pt-BR\",\"potentialAction\":[{\"@type\":\"ReadAction\",\"target\":[\"https:\/\/ciranda.direito.ufmg.br\/index.php\/grupo-de-estudos-em-justica-restaurativa-2019-02\/\"]}]},{\"@type\":\"BreadcrumbList\",\"@id\":\"https:\/\/ciranda.direito.ufmg.br\/index.php\/grupo-de-estudos-em-justica-restaurativa-2019-02\/#breadcrumb\",\"itemListElement\":[{\"@type\":\"ListItem\",\"position\":1,\"name\":\"In\u00edcio\",\"item\":\"https:\/\/ciranda.direito.ufmg.br\/\"},{\"@type\":\"ListItem\",\"position\":2,\"name\":\"GRUPO DE ESTUDOS EM JUSTI\u00c7A RESTAURATIVA &#8211; 2019\/02\"}]},{\"@type\":\"WebSite\",\"@id\":\"https:\/\/ciranda.direito.ufmg.br\/#website\",\"url\":\"https:\/\/ciranda.direito.ufmg.br\/\",\"name\":\"Ciranda\",\"description\":\"Justi\u00e7a Restaurativa\",\"publisher\":{\"@id\":\"https:\/\/ciranda.direito.ufmg.br\/#organization\"},\"potentialAction\":[{\"@type\":\"SearchAction\",\"target\":{\"@type\":\"EntryPoint\",\"urlTemplate\":\"https:\/\/ciranda.direito.ufmg.br\/?s={search_term_string}\"},\"query-input\":{\"@type\":\"PropertyValueSpecification\",\"valueRequired\":true,\"valueName\":\"search_term_string\"}}],\"inLanguage\":\"pt-BR\"},{\"@type\":\"Organization\",\"@id\":\"https:\/\/ciranda.direito.ufmg.br\/#organization\",\"name\":\"Ciranda\",\"url\":\"https:\/\/ciranda.direito.ufmg.br\/\",\"logo\":{\"@type\":\"ImageObject\",\"inLanguage\":\"pt-BR\",\"@id\":\"https:\/\/ciranda.direito.ufmg.br\/#\/schema\/logo\/image\/\",\"url\":\"https:\/\/ciranda.direito.ufmg.br\/wp-content\/uploads\/2018\/08\/ciranda-logo-com-nome.png\",\"contentUrl\":\"https:\/\/ciranda.direito.ufmg.br\/wp-content\/uploads\/2018\/08\/ciranda-logo-com-nome.png\",\"width\":840,\"height\":700,\"caption\":\"Ciranda\"},\"image\":{\"@id\":\"https:\/\/ciranda.direito.ufmg.br\/#\/schema\/logo\/image\/\"},\"sameAs\":[\"https:\/\/www.facebook.com\/cirandaufmg\/\",\"https:\/\/www.instagram.com\/cirandaufmg\/\"]},{\"@type\":\"Person\",\"@id\":\"https:\/\/ciranda.direito.ufmg.br\/#\/schema\/person\/3230d272f991895d12328d4c1fe3380b\",\"name\":\"Rafaella Malta\",\"image\":{\"@type\":\"ImageObject\",\"inLanguage\":\"pt-BR\",\"@id\":\"https:\/\/ciranda.direito.ufmg.br\/#\/schema\/person\/image\/\",\"url\":\"https:\/\/secure.gravatar.com\/avatar\/0552a8397d54161272b8eeee391125975ce699f170b9862d7f61753e3850b6fe?s=96&d=mm&r=g\",\"contentUrl\":\"https:\/\/secure.gravatar.com\/avatar\/0552a8397d54161272b8eeee391125975ce699f170b9862d7f61753e3850b6fe?s=96&d=mm&r=g\",\"caption\":\"Rafaella Malta\"},\"url\":\"https:\/\/ciranda.direito.ufmg.br\/index.php\/author\/rafaella\/\"}]}<\/script>\n<!-- \/ Yoast SEO plugin. -->","yoast_head_json":{"title":"GRUPO DE ESTUDOS EM JUSTI\u00c7A RESTAURATIVA - 2019\/02 - Ciranda","robots":{"index":"index","follow":"follow","max-snippet":"max-snippet:-1","max-image-preview":"max-image-preview:large","max-video-preview":"max-video-preview:-1"},"canonical":"https:\/\/ciranda.direito.ufmg.br\/index.php\/grupo-de-estudos-em-justica-restaurativa-2019-02\/","og_locale":"pt_BR","og_type":"article","og_title":"GRUPO DE ESTUDOS EM JUSTI\u00c7A RESTAURATIVA - 2019\/02 - Ciranda","og_description":"Neste semestre, o grupo de estudos do Projeto Ciranda ocorrer\u00e1 \u00e0s quintas-feiras, de 17:30 \u00e0s 18:30, na sala 702 do pr\u00e9dio da Gradua\u00e7\u00e3o da Faculdade de Direito e Ci\u00eancias do Estado da UFMG 05\/09 &#8211;Read More","og_url":"https:\/\/ciranda.direito.ufmg.br\/index.php\/grupo-de-estudos-em-justica-restaurativa-2019-02\/","og_site_name":"Ciranda","article_publisher":"https:\/\/www.facebook.com\/cirandaufmg\/","article_published_time":"2019-09-01T16:37:34+00:00","article_modified_time":"2020-04-28T16:34:41+00:00","og_image":[{"url":"https:\/\/ciranda.direito.ufmg.br\/wp-content\/uploads\/2019\/09\/Divulga\u00e7\u00e3o-GE.png","type":"","width":"","height":""}],"author":"Rafaella Malta","twitter_card":"summary_large_image","twitter_misc":{"Escrito por":"Rafaella Malta"},"schema":{"@context":"https:\/\/schema.org","@graph":[{"@type":"Article","@id":"https:\/\/ciranda.direito.ufmg.br\/index.php\/grupo-de-estudos-em-justica-restaurativa-2019-02\/#article","isPartOf":{"@id":"https:\/\/ciranda.direito.ufmg.br\/index.php\/grupo-de-estudos-em-justica-restaurativa-2019-02\/"},"author":{"name":"Rafaella Malta","@id":"https:\/\/ciranda.direito.ufmg.br\/#\/schema\/person\/3230d272f991895d12328d4c1fe3380b"},"headline":"GRUPO DE ESTUDOS EM JUSTI\u00c7A RESTAURATIVA &#8211; 2019\/02","datePublished":"2019-09-01T16:37:34+00:00","dateModified":"2020-04-28T16:34:41+00:00","mainEntityOfPage":{"@id":"https:\/\/ciranda.direito.ufmg.br\/index.php\/grupo-de-estudos-em-justica-restaurativa-2019-02\/"},"wordCount":96,"publisher":{"@id":"https:\/\/ciranda.direito.ufmg.br\/#organization"},"articleSection":["Post Formats"],"inLanguage":"pt-BR"},{"@type":"WebPage","@id":"https:\/\/ciranda.direito.ufmg.br\/index.php\/grupo-de-estudos-em-justica-restaurativa-2019-02\/","url":"https:\/\/ciranda.direito.ufmg.br\/index.php\/grupo-de-estudos-em-justica-restaurativa-2019-02\/","name":"GRUPO DE ESTUDOS EM JUSTI\u00c7A RESTAURATIVA - 2019\/02 - Ciranda","isPartOf":{"@id":"https:\/\/ciranda.direito.ufmg.br\/#website"},"datePublished":"2019-09-01T16:37:34+00:00","dateModified":"2020-04-28T16:34:41+00:00","breadcrumb":{"@id":"https:\/\/ciranda.direito.ufmg.br\/index.php\/grupo-de-estudos-em-justica-restaurativa-2019-02\/#breadcrumb"},"inLanguage":"pt-BR","potentialAction":[{"@type":"ReadAction","target":["https:\/\/ciranda.direito.ufmg.br\/index.php\/grupo-de-estudos-em-justica-restaurativa-2019-02\/"]}]},{"@type":"BreadcrumbList","@id":"https:\/\/ciranda.direito.ufmg.br\/index.php\/grupo-de-estudos-em-justica-restaurativa-2019-02\/#breadcrumb","itemListElement":[{"@type":"ListItem","position":1,"name":"In\u00edcio","item":"https:\/\/ciranda.direito.ufmg.br\/"},{"@type":"ListItem","position":2,"name":"GRUPO DE ESTUDOS EM JUSTI\u00c7A RESTAURATIVA &#8211; 2019\/02"}]},{"@type":"WebSite","@id":"https:\/\/ciranda.direito.ufmg.br\/#website","url":"https:\/\/ciranda.direito.ufmg.br\/","name":"Ciranda","description":"Justi\u00e7a Restaurativa","publisher":{"@id":"https:\/\/ciranda.direito.ufmg.br\/#organization"},"potentialAction":[{"@type":"SearchAction","target":{"@type":"EntryPoint","urlTemplate":"https:\/\/ciranda.direito.ufmg.br\/?s={search_term_string}"},"query-input":{"@type":"PropertyValueSpecification","valueRequired":true,"valueName":"search_term_string"}}],"inLanguage":"pt-BR"},{"@type":"Organization","@id":"https:\/\/ciranda.direito.ufmg.br\/#organization","name":"Ciranda","url":"https:\/\/ciranda.direito.ufmg.br\/","logo":{"@type":"ImageObject","inLanguage":"pt-BR","@id":"https:\/\/ciranda.direito.ufmg.br\/#\/schema\/logo\/image\/","url":"https:\/\/ciranda.direito.ufmg.br\/wp-content\/uploads\/2018\/08\/ciranda-logo-com-nome.png","contentUrl":"https:\/\/ciranda.direito.ufmg.br\/wp-content\/uploads\/2018\/08\/ciranda-logo-com-nome.png","width":840,"height":700,"caption":"Ciranda"},"image":{"@id":"https:\/\/ciranda.direito.ufmg.br\/#\/schema\/logo\/image\/"},"sameAs":["https:\/\/www.facebook.com\/cirandaufmg\/","https:\/\/www.instagram.com\/cirandaufmg\/"]},{"@type":"Person","@id":"https:\/\/ciranda.direito.ufmg.br\/#\/schema\/person\/3230d272f991895d12328d4c1fe3380b","name":"Rafaella Malta","image":{"@type":"ImageObject","inLanguage":"pt-BR","@id":"https:\/\/ciranda.direito.ufmg.br\/#\/schema\/person\/image\/","url":"https:\/\/secure.gravatar.com\/avatar\/0552a8397d54161272b8eeee391125975ce699f170b9862d7f61753e3850b6fe?s=96&d=mm&r=g","contentUrl":"https:\/\/secure.gravatar.com\/avatar\/0552a8397d54161272b8eeee391125975ce699f170b9862d7f61753e3850b6fe?s=96&d=mm&r=g","caption":"Rafaella Malta"},"url":"https:\/\/ciranda.direito.ufmg.br\/index.php\/author\/rafaella\/"}]}},"_links":{"self":[{"href":"https:\/\/ciranda.direito.ufmg.br\/index.php\/wp-json\/wp\/v2\/posts\/2479","targetHints":{"allow":["GET"]}}],"collection":[{"href":"https:\/\/ciranda.direito.ufmg.br\/index.php\/wp-json\/wp\/v2\/posts"}],"about":[{"href":"https:\/\/ciranda.direito.ufmg.br\/index.php\/wp-json\/wp\/v2\/types\/post"}],"author":[{"embeddable":true,"href":"https:\/\/ciranda.direito.ufmg.br\/index.php\/wp-json\/wp\/v2\/users\/6"}],"replies":[{"embeddable":true,"href":"https:\/\/ciranda.direito.ufmg.br\/index.php\/wp-json\/wp\/v2\/comments?post=2479"}],"version-history":[{"count":0,"href":"https:\/\/ciranda.direito.ufmg.br\/index.php\/wp-json\/wp\/v2\/posts\/2479\/revisions"}],"wp:attachment":[{"href":"https:\/\/ciranda.direito.ufmg.br\/index.php\/wp-json\/wp\/v2\/media?parent=2479"}],"wp:term":[{"taxonomy":"category","embeddable":true,"href":"https:\/\/ciranda.direito.ufmg.br\/index.php\/wp-json\/wp\/v2\/categories?post=2479"},{"taxonomy":"post_tag","embeddable":true,"href":"https:\/\/ciranda.direito.ufmg.br\/index.php\/wp-json\/wp\/v2\/tags?post=2479"}],"curies":[{"name":"wp","href":"https:\/\/api.w.org\/{rel}","templated":true}]}}