{"id":2423,"date":"2019-07-10T16:37:01","date_gmt":"2019-07-10T19:37:01","guid":{"rendered":"https:\/\/ciranda.direito.ufmg.br\/?p=2423"},"modified":"2020-04-28T13:34:41","modified_gmt":"2020-04-28T16:34:41","slug":"ciranda-oferta-disciplina-transversal-em-direitos-humanos-sobre-justica-restaurativa","status":"publish","type":"post","link":"https:\/\/ciranda.direito.ufmg.br\/index.php\/ciranda-oferta-disciplina-transversal-em-direitos-humanos-sobre-justica-restaurativa\/","title":{"rendered":"Ciranda oferta Disciplina Transversal em Direitos Humanos sobre Justi\u00e7a Restaurativa"},"content":{"rendered":"\n\n\n<ul class=\"wp-block-gallery columns-1 is-cropped wp-block-gallery-1 is-layout-flex wp-block-gallery-is-layout-flex\"><li class=\"blocks-gallery-item\"><figure><img loading=\"lazy\" decoding=\"async\" width=\"800\" height=\"800\" src=\"https:\/\/ciranda.direito.ufmg.br\/wp-content\/uploads\/2019\/08\/experi\u00eancias-de-injusti\u00e7a-e-o-di\u00e1logo.png\" alt=\"\" data-id=\"2454\" data-link=\"https:\/\/ciranda.direito.ufmg.br\/index.php\/ciranda-oferta-disciplina-transversal-em-direitos-humanos-sobre-justica-restaurativa\/experiencias-de-injustica-e-o-dialogo\/\" class=\"wp-image-2454\"\/><\/figure><\/li><\/ul>\n\n\n\n<p align=\"justify\">No pr\u00f3ximo semestre, o Ciranda oferecer\u00e1 15 encontros na Disciplina Transversal: \u201cT\u00f3picos em Direitos Humanos \u2013 Perspectivas Contempor\u00e2neas A \u2013 Experi\u00eancias de (in)justi\u00e7a e o di\u00e1logo: construindo pontes por meio da justi\u00e7a restaurativa\u201d (C\u00f3digo UNI110).<\/p>\n<p><img loading=\"lazy\" decoding=\"async\" class=\"wp-image-2360 size-full\" src=\"https:\/\/ciranda.direito.ufmg.br\/wp-content\/uploads\/2018\/09\/STILL-1_NIKON.jpg\" alt=\"\" width=\"1920\" height=\"1080\" \/><\/p>\n<h3 align=\"justify\">O que ser\u00e1 abordado na disciplina?<\/h3>\n<p align=\"justify\">A disciplina, a ser ministrada pelo Prof. Fernando Jayme e pelas pesquisadoras e facilitadoras de di\u00e1logo Elisa Tamantini e Rafaella Malta, trabalhar\u00e1 sobre a justi\u00e7a restaurativa enquanto m\u00e9todo adequado de resolu\u00e7\u00e3o\/transforma\u00e7\u00e3o de conflitos. A disciplina ser\u00e1 estruturada em c\u00edrculos, com abordagem te\u00f3rico-pr\u00e1tica, e abordar\u00e1 os t\u00f3picos: Compara\u00e7\u00e3o entre os modelos retributivo e restaurativo de justi\u00e7a; no\u00e7\u00f5es fundamentais de justi\u00e7a restaurativa; comunica\u00e7\u00e3o n\u00e3o-violenta; transforma\u00e7\u00e3o de conflitos e c\u00edrculos restaurativos.<\/p>\n<h3 align=\"justify\">Como e onde ser\u00e3o as aulas?<\/h3>\n<p align=\"justify\">A disciplina possui carga hor\u00e1ria de 30h e ser\u00e1 realizada nas ter\u00e7as-feiras, das 17h \u00e0s 18h40, a partir do dia 13\/08\/2019. As aulas ser\u00e3o na sala 405, do Ed. Villas-B\u00f4as (vulgo Pr\u00e9dio da P\u00f3s-Gradua\u00e7\u00e3o), na Faculdade de Direito e Ci\u00eancias do Estado da UFMG \u2013 localizada na Av. Jo\u00e3o Pinheiro, n. 100, Centro, BH\/MG.<\/p>\n<h3 align=\"justify\">Matr\u00edculas na disciplina transversal em DH de Justi\u00e7a Restaurativa<\/h3>\n<p align=\"justify\">Ser\u00e3o disponibilizadas 20 vagas para alunos da gradua\u00e7\u00e3o, 5 vagas para alunos da p\u00f3s-gradua\u00e7\u00e3o e 5 vagas de \u201cisolada\u201d para o p\u00fablico externo.<\/p>\n<p align=\"justify\">O cronograma com as datas para realiza\u00e7\u00e3o das matr\u00edculas pode ser encontrado no endere\u00e7o:\u00a0<\/p>\n<p><a href=\"https:\/\/www.ufmg.br\/prograd\/arquivos\/docs\/CronogramaFT.pdf\">https:\/\/www.ufmg.br\/prograd\/arquivos\/docs\/CronogramaFT.pdf<\/a><\/p>\n<p align=\"justify\">\u00a0<\/p>\n<p align=\"justify\"><img loading=\"lazy\" decoding=\"async\" class=\"alignnone size-full wp-image-2453\" src=\"https:\/\/ciranda.direito.ufmg.br\/wp-content\/uploads\/2019\/07\/Matr\u00edcula-transversal-DH.png\" alt=\"\" width=\"940\" height=\"788\" \/><\/p>\n<p align=\"justify\">Para o p\u00fablico externo \u00e0 universidade que deseja cursar a disciplina, o \u00fanico pr\u00e9-requisito para cursar a disciplina \u00e9 ter o ensino m\u00e9dio completo. Caso aceito o requerimento do aluno externo na modalidade &#8220;isolada&#8221;, ser\u00e1 requisitado o comprovante de pagamento da taxa de matr\u00edcula no valor de R$ 194,57\u2013 <strong>destacamos que a taxa que s\u00f3 deve ser paga se sua matr\u00edcula for dada como aceita!<\/strong><\/p>\n<p align=\"justify\">D\u00favidas quanto a matr\u00edcula podem ser tiradas na Secretaria das Forma\u00e7\u00f5es Transversais ((31) 3409-6433 , (31) 3409-6590).<\/p>\n<p align=\"justify\"><br \/><br \/><\/p>\n","protected":false},"excerpt":{"rendered":"<p>No pr\u00f3ximo semestre, o Ciranda oferecer\u00e1 15 encontros na Disciplina Transversal: \u201cT\u00f3picos em Direitos Humanos \u2013 Perspectivas Contempor\u00e2neas A \u2013 Experi\u00eancias de (in)justi\u00e7a e o di\u00e1logo: construindo pontes por meio da justi\u00e7a restaurativa\u201d (C\u00f3digo UNI110).<br \/><a class=\"read-more\" href=\"https:\/\/ciranda.direito.ufmg.br\/index.php\/ciranda-oferta-disciplina-transversal-em-direitos-humanos-sobre-justica-restaurativa\/\">Read More<\/a><\/p>\n","protected":false},"author":6,"featured_media":0,"comment_status":"closed","ping_status":"closed","sticky":false,"template":"","format":"standard","meta":{"footnotes":""},"categories":[38],"tags":[217,197],"class_list":["post-2423","post","type-post","status-publish","format-standard","hentry","category-post-formats","tag-disciplina","tag-justica-restaurativa"],"yoast_head":"<!-- This site is optimized with the Yoast SEO plugin v25.3 - https:\/\/yoast.com\/wordpress\/plugins\/seo\/ -->\n<title>Ciranda oferta Disciplina Transversal em Direitos Humanos sobre Justi\u00e7a Restaurativa - Ciranda<\/title>\n<meta name=\"robots\" content=\"index, follow, max-snippet:-1, max-image-preview:large, max-video-preview:-1\" \/>\n<link rel=\"canonical\" href=\"https:\/\/ciranda.direito.ufmg.br\/index.php\/ciranda-oferta-disciplina-transversal-em-direitos-humanos-sobre-justica-restaurativa\/\" \/>\n<meta property=\"og:locale\" content=\"pt_BR\" \/>\n<meta property=\"og:type\" content=\"article\" \/>\n<meta property=\"og:title\" content=\"Ciranda oferta Disciplina Transversal em Direitos Humanos sobre Justi\u00e7a Restaurativa - Ciranda\" \/>\n<meta property=\"og:description\" content=\"No pr\u00f3ximo semestre, o Ciranda oferecer\u00e1 15 encontros na Disciplina Transversal: \u201cT\u00f3picos em Direitos Humanos \u2013 Perspectivas Contempor\u00e2neas A \u2013 Experi\u00eancias de (in)justi\u00e7a e o di\u00e1logo: construindo pontes por meio da justi\u00e7a restaurativa\u201d (C\u00f3digo UNI110).Read More\" \/>\n<meta property=\"og:url\" content=\"https:\/\/ciranda.direito.ufmg.br\/index.php\/ciranda-oferta-disciplina-transversal-em-direitos-humanos-sobre-justica-restaurativa\/\" \/>\n<meta property=\"og:site_name\" content=\"Ciranda\" \/>\n<meta property=\"article:publisher\" content=\"https:\/\/www.facebook.com\/cirandaufmg\/\" \/>\n<meta property=\"article:published_time\" content=\"2019-07-10T19:37:01+00:00\" \/>\n<meta property=\"article:modified_time\" content=\"2020-04-28T16:34:41+00:00\" \/>\n<meta property=\"og:image\" content=\"https:\/\/ciranda.direito.ufmg.br\/wp-content\/uploads\/2019\/08\/experi\u00eancias-de-injusti\u00e7a-e-o-di\u00e1logo.png\" \/>\n<meta name=\"author\" content=\"Rafaella Malta\" \/>\n<meta name=\"twitter:card\" content=\"summary_large_image\" \/>\n<meta name=\"twitter:label1\" content=\"Escrito por\" \/>\n\t<meta name=\"twitter:data1\" content=\"Rafaella Malta\" \/>\n\t<meta name=\"twitter:label2\" content=\"Est. tempo de leitura\" \/>\n\t<meta name=\"twitter:data2\" content=\"2 minutos\" \/>\n<script type=\"application\/ld+json\" class=\"yoast-schema-graph\">{\"@context\":\"https:\/\/schema.org\",\"@graph\":[{\"@type\":\"Article\",\"@id\":\"https:\/\/ciranda.direito.ufmg.br\/index.php\/ciranda-oferta-disciplina-transversal-em-direitos-humanos-sobre-justica-restaurativa\/#article\",\"isPartOf\":{\"@id\":\"https:\/\/ciranda.direito.ufmg.br\/index.php\/ciranda-oferta-disciplina-transversal-em-direitos-humanos-sobre-justica-restaurativa\/\"},\"author\":{\"name\":\"Rafaella Malta\",\"@id\":\"https:\/\/ciranda.direito.ufmg.br\/#\/schema\/person\/3230d272f991895d12328d4c1fe3380b\"},\"headline\":\"Ciranda oferta Disciplina Transversal em Direitos Humanos sobre Justi\u00e7a Restaurativa\",\"datePublished\":\"2019-07-10T19:37:01+00:00\",\"dateModified\":\"2020-04-28T16:34:41+00:00\",\"mainEntityOfPage\":{\"@id\":\"https:\/\/ciranda.direito.ufmg.br\/index.php\/ciranda-oferta-disciplina-transversal-em-direitos-humanos-sobre-justica-restaurativa\/\"},\"wordCount\":357,\"publisher\":{\"@id\":\"https:\/\/ciranda.direito.ufmg.br\/#organization\"},\"image\":{\"@id\":\"https:\/\/ciranda.direito.ufmg.br\/index.php\/ciranda-oferta-disciplina-transversal-em-direitos-humanos-sobre-justica-restaurativa\/#primaryimage\"},\"thumbnailUrl\":\"https:\/\/ciranda.direito.ufmg.br\/wp-content\/uploads\/2018\/09\/STILL-1_NIKON.jpg\",\"keywords\":[\"disciplina\",\"Justi\u00e7a Restaurativa\"],\"articleSection\":[\"Post Formats\"],\"inLanguage\":\"pt-BR\"},{\"@type\":\"WebPage\",\"@id\":\"https:\/\/ciranda.direito.ufmg.br\/index.php\/ciranda-oferta-disciplina-transversal-em-direitos-humanos-sobre-justica-restaurativa\/\",\"url\":\"https:\/\/ciranda.direito.ufmg.br\/index.php\/ciranda-oferta-disciplina-transversal-em-direitos-humanos-sobre-justica-restaurativa\/\",\"name\":\"Ciranda oferta Disciplina Transversal em Direitos Humanos sobre Justi\u00e7a Restaurativa - Ciranda\",\"isPartOf\":{\"@id\":\"https:\/\/ciranda.direito.ufmg.br\/#website\"},\"primaryImageOfPage\":{\"@id\":\"https:\/\/ciranda.direito.ufmg.br\/index.php\/ciranda-oferta-disciplina-transversal-em-direitos-humanos-sobre-justica-restaurativa\/#primaryimage\"},\"image\":{\"@id\":\"https:\/\/ciranda.direito.ufmg.br\/index.php\/ciranda-oferta-disciplina-transversal-em-direitos-humanos-sobre-justica-restaurativa\/#primaryimage\"},\"thumbnailUrl\":\"https:\/\/ciranda.direito.ufmg.br\/wp-content\/uploads\/2018\/09\/STILL-1_NIKON.jpg\",\"datePublished\":\"2019-07-10T19:37:01+00:00\",\"dateModified\":\"2020-04-28T16:34:41+00:00\",\"breadcrumb\":{\"@id\":\"https:\/\/ciranda.direito.ufmg.br\/index.php\/ciranda-oferta-disciplina-transversal-em-direitos-humanos-sobre-justica-restaurativa\/#breadcrumb\"},\"inLanguage\":\"pt-BR\",\"potentialAction\":[{\"@type\":\"ReadAction\",\"target\":[\"https:\/\/ciranda.direito.ufmg.br\/index.php\/ciranda-oferta-disciplina-transversal-em-direitos-humanos-sobre-justica-restaurativa\/\"]}]},{\"@type\":\"ImageObject\",\"inLanguage\":\"pt-BR\",\"@id\":\"https:\/\/ciranda.direito.ufmg.br\/index.php\/ciranda-oferta-disciplina-transversal-em-direitos-humanos-sobre-justica-restaurativa\/#primaryimage\",\"url\":\"https:\/\/ciranda.direito.ufmg.br\/wp-content\/uploads\/2018\/09\/STILL-1_NIKON.jpg\",\"contentUrl\":\"https:\/\/ciranda.direito.ufmg.br\/wp-content\/uploads\/2018\/09\/STILL-1_NIKON.jpg\",\"width\":1920,\"height\":1080},{\"@type\":\"BreadcrumbList\",\"@id\":\"https:\/\/ciranda.direito.ufmg.br\/index.php\/ciranda-oferta-disciplina-transversal-em-direitos-humanos-sobre-justica-restaurativa\/#breadcrumb\",\"itemListElement\":[{\"@type\":\"ListItem\",\"position\":1,\"name\":\"In\u00edcio\",\"item\":\"https:\/\/ciranda.direito.ufmg.br\/\"},{\"@type\":\"ListItem\",\"position\":2,\"name\":\"Ciranda oferta Disciplina Transversal em Direitos Humanos sobre Justi\u00e7a Restaurativa\"}]},{\"@type\":\"WebSite\",\"@id\":\"https:\/\/ciranda.direito.ufmg.br\/#website\",\"url\":\"https:\/\/ciranda.direito.ufmg.br\/\",\"name\":\"Ciranda\",\"description\":\"Justi\u00e7a Restaurativa\",\"publisher\":{\"@id\":\"https:\/\/ciranda.direito.ufmg.br\/#organization\"},\"potentialAction\":[{\"@type\":\"SearchAction\",\"target\":{\"@type\":\"EntryPoint\",\"urlTemplate\":\"https:\/\/ciranda.direito.ufmg.br\/?s={search_term_string}\"},\"query-input\":{\"@type\":\"PropertyValueSpecification\",\"valueRequired\":true,\"valueName\":\"search_term_string\"}}],\"inLanguage\":\"pt-BR\"},{\"@type\":\"Organization\",\"@id\":\"https:\/\/ciranda.direito.ufmg.br\/#organization\",\"name\":\"Ciranda\",\"url\":\"https:\/\/ciranda.direito.ufmg.br\/\",\"logo\":{\"@type\":\"ImageObject\",\"inLanguage\":\"pt-BR\",\"@id\":\"https:\/\/ciranda.direito.ufmg.br\/#\/schema\/logo\/image\/\",\"url\":\"https:\/\/ciranda.direito.ufmg.br\/wp-content\/uploads\/2018\/08\/ciranda-logo-com-nome.png\",\"contentUrl\":\"https:\/\/ciranda.direito.ufmg.br\/wp-content\/uploads\/2018\/08\/ciranda-logo-com-nome.png\",\"width\":840,\"height\":700,\"caption\":\"Ciranda\"},\"image\":{\"@id\":\"https:\/\/ciranda.direito.ufmg.br\/#\/schema\/logo\/image\/\"},\"sameAs\":[\"https:\/\/www.facebook.com\/cirandaufmg\/\",\"https:\/\/www.instagram.com\/cirandaufmg\/\"]},{\"@type\":\"Person\",\"@id\":\"https:\/\/ciranda.direito.ufmg.br\/#\/schema\/person\/3230d272f991895d12328d4c1fe3380b\",\"name\":\"Rafaella Malta\",\"image\":{\"@type\":\"ImageObject\",\"inLanguage\":\"pt-BR\",\"@id\":\"https:\/\/ciranda.direito.ufmg.br\/#\/schema\/person\/image\/\",\"url\":\"https:\/\/secure.gravatar.com\/avatar\/0552a8397d54161272b8eeee391125975ce699f170b9862d7f61753e3850b6fe?s=96&d=mm&r=g\",\"contentUrl\":\"https:\/\/secure.gravatar.com\/avatar\/0552a8397d54161272b8eeee391125975ce699f170b9862d7f61753e3850b6fe?s=96&d=mm&r=g\",\"caption\":\"Rafaella Malta\"},\"url\":\"https:\/\/ciranda.direito.ufmg.br\/index.php\/author\/rafaella\/\"}]}<\/script>\n<!-- \/ Yoast SEO plugin. -->","yoast_head_json":{"title":"Ciranda oferta Disciplina Transversal em Direitos Humanos sobre Justi\u00e7a Restaurativa - Ciranda","robots":{"index":"index","follow":"follow","max-snippet":"max-snippet:-1","max-image-preview":"max-image-preview:large","max-video-preview":"max-video-preview:-1"},"canonical":"https:\/\/ciranda.direito.ufmg.br\/index.php\/ciranda-oferta-disciplina-transversal-em-direitos-humanos-sobre-justica-restaurativa\/","og_locale":"pt_BR","og_type":"article","og_title":"Ciranda oferta Disciplina Transversal em Direitos Humanos sobre Justi\u00e7a Restaurativa - Ciranda","og_description":"No pr\u00f3ximo semestre, o Ciranda oferecer\u00e1 15 encontros na Disciplina Transversal: \u201cT\u00f3picos em Direitos Humanos \u2013 Perspectivas Contempor\u00e2neas A \u2013 Experi\u00eancias de (in)justi\u00e7a e o di\u00e1logo: construindo pontes por meio da justi\u00e7a restaurativa\u201d (C\u00f3digo UNI110).Read More","og_url":"https:\/\/ciranda.direito.ufmg.br\/index.php\/ciranda-oferta-disciplina-transversal-em-direitos-humanos-sobre-justica-restaurativa\/","og_site_name":"Ciranda","article_publisher":"https:\/\/www.facebook.com\/cirandaufmg\/","article_published_time":"2019-07-10T19:37:01+00:00","article_modified_time":"2020-04-28T16:34:41+00:00","og_image":[{"url":"https:\/\/ciranda.direito.ufmg.br\/wp-content\/uploads\/2019\/08\/experi\u00eancias-de-injusti\u00e7a-e-o-di\u00e1logo.png","type":"","width":"","height":""}],"author":"Rafaella Malta","twitter_card":"summary_large_image","twitter_misc":{"Escrito por":"Rafaella Malta","Est. tempo de leitura":"2 minutos"},"schema":{"@context":"https:\/\/schema.org","@graph":[{"@type":"Article","@id":"https:\/\/ciranda.direito.ufmg.br\/index.php\/ciranda-oferta-disciplina-transversal-em-direitos-humanos-sobre-justica-restaurativa\/#article","isPartOf":{"@id":"https:\/\/ciranda.direito.ufmg.br\/index.php\/ciranda-oferta-disciplina-transversal-em-direitos-humanos-sobre-justica-restaurativa\/"},"author":{"name":"Rafaella Malta","@id":"https:\/\/ciranda.direito.ufmg.br\/#\/schema\/person\/3230d272f991895d12328d4c1fe3380b"},"headline":"Ciranda oferta Disciplina Transversal em Direitos Humanos sobre Justi\u00e7a Restaurativa","datePublished":"2019-07-10T19:37:01+00:00","dateModified":"2020-04-28T16:34:41+00:00","mainEntityOfPage":{"@id":"https:\/\/ciranda.direito.ufmg.br\/index.php\/ciranda-oferta-disciplina-transversal-em-direitos-humanos-sobre-justica-restaurativa\/"},"wordCount":357,"publisher":{"@id":"https:\/\/ciranda.direito.ufmg.br\/#organization"},"image":{"@id":"https:\/\/ciranda.direito.ufmg.br\/index.php\/ciranda-oferta-disciplina-transversal-em-direitos-humanos-sobre-justica-restaurativa\/#primaryimage"},"thumbnailUrl":"https:\/\/ciranda.direito.ufmg.br\/wp-content\/uploads\/2018\/09\/STILL-1_NIKON.jpg","keywords":["disciplina","Justi\u00e7a Restaurativa"],"articleSection":["Post Formats"],"inLanguage":"pt-BR"},{"@type":"WebPage","@id":"https:\/\/ciranda.direito.ufmg.br\/index.php\/ciranda-oferta-disciplina-transversal-em-direitos-humanos-sobre-justica-restaurativa\/","url":"https:\/\/ciranda.direito.ufmg.br\/index.php\/ciranda-oferta-disciplina-transversal-em-direitos-humanos-sobre-justica-restaurativa\/","name":"Ciranda oferta Disciplina Transversal em Direitos Humanos sobre Justi\u00e7a Restaurativa - Ciranda","isPartOf":{"@id":"https:\/\/ciranda.direito.ufmg.br\/#website"},"primaryImageOfPage":{"@id":"https:\/\/ciranda.direito.ufmg.br\/index.php\/ciranda-oferta-disciplina-transversal-em-direitos-humanos-sobre-justica-restaurativa\/#primaryimage"},"image":{"@id":"https:\/\/ciranda.direito.ufmg.br\/index.php\/ciranda-oferta-disciplina-transversal-em-direitos-humanos-sobre-justica-restaurativa\/#primaryimage"},"thumbnailUrl":"https:\/\/ciranda.direito.ufmg.br\/wp-content\/uploads\/2018\/09\/STILL-1_NIKON.jpg","datePublished":"2019-07-10T19:37:01+00:00","dateModified":"2020-04-28T16:34:41+00:00","breadcrumb":{"@id":"https:\/\/ciranda.direito.ufmg.br\/index.php\/ciranda-oferta-disciplina-transversal-em-direitos-humanos-sobre-justica-restaurativa\/#breadcrumb"},"inLanguage":"pt-BR","potentialAction":[{"@type":"ReadAction","target":["https:\/\/ciranda.direito.ufmg.br\/index.php\/ciranda-oferta-disciplina-transversal-em-direitos-humanos-sobre-justica-restaurativa\/"]}]},{"@type":"ImageObject","inLanguage":"pt-BR","@id":"https:\/\/ciranda.direito.ufmg.br\/index.php\/ciranda-oferta-disciplina-transversal-em-direitos-humanos-sobre-justica-restaurativa\/#primaryimage","url":"https:\/\/ciranda.direito.ufmg.br\/wp-content\/uploads\/2018\/09\/STILL-1_NIKON.jpg","contentUrl":"https:\/\/ciranda.direito.ufmg.br\/wp-content\/uploads\/2018\/09\/STILL-1_NIKON.jpg","width":1920,"height":1080},{"@type":"BreadcrumbList","@id":"https:\/\/ciranda.direito.ufmg.br\/index.php\/ciranda-oferta-disciplina-transversal-em-direitos-humanos-sobre-justica-restaurativa\/#breadcrumb","itemListElement":[{"@type":"ListItem","position":1,"name":"In\u00edcio","item":"https:\/\/ciranda.direito.ufmg.br\/"},{"@type":"ListItem","position":2,"name":"Ciranda oferta Disciplina Transversal em Direitos Humanos sobre Justi\u00e7a Restaurativa"}]},{"@type":"WebSite","@id":"https:\/\/ciranda.direito.ufmg.br\/#website","url":"https:\/\/ciranda.direito.ufmg.br\/","name":"Ciranda","description":"Justi\u00e7a Restaurativa","publisher":{"@id":"https:\/\/ciranda.direito.ufmg.br\/#organization"},"potentialAction":[{"@type":"SearchAction","target":{"@type":"EntryPoint","urlTemplate":"https:\/\/ciranda.direito.ufmg.br\/?s={search_term_string}"},"query-input":{"@type":"PropertyValueSpecification","valueRequired":true,"valueName":"search_term_string"}}],"inLanguage":"pt-BR"},{"@type":"Organization","@id":"https:\/\/ciranda.direito.ufmg.br\/#organization","name":"Ciranda","url":"https:\/\/ciranda.direito.ufmg.br\/","logo":{"@type":"ImageObject","inLanguage":"pt-BR","@id":"https:\/\/ciranda.direito.ufmg.br\/#\/schema\/logo\/image\/","url":"https:\/\/ciranda.direito.ufmg.br\/wp-content\/uploads\/2018\/08\/ciranda-logo-com-nome.png","contentUrl":"https:\/\/ciranda.direito.ufmg.br\/wp-content\/uploads\/2018\/08\/ciranda-logo-com-nome.png","width":840,"height":700,"caption":"Ciranda"},"image":{"@id":"https:\/\/ciranda.direito.ufmg.br\/#\/schema\/logo\/image\/"},"sameAs":["https:\/\/www.facebook.com\/cirandaufmg\/","https:\/\/www.instagram.com\/cirandaufmg\/"]},{"@type":"Person","@id":"https:\/\/ciranda.direito.ufmg.br\/#\/schema\/person\/3230d272f991895d12328d4c1fe3380b","name":"Rafaella Malta","image":{"@type":"ImageObject","inLanguage":"pt-BR","@id":"https:\/\/ciranda.direito.ufmg.br\/#\/schema\/person\/image\/","url":"https:\/\/secure.gravatar.com\/avatar\/0552a8397d54161272b8eeee391125975ce699f170b9862d7f61753e3850b6fe?s=96&d=mm&r=g","contentUrl":"https:\/\/secure.gravatar.com\/avatar\/0552a8397d54161272b8eeee391125975ce699f170b9862d7f61753e3850b6fe?s=96&d=mm&r=g","caption":"Rafaella Malta"},"url":"https:\/\/ciranda.direito.ufmg.br\/index.php\/author\/rafaella\/"}]}},"_links":{"self":[{"href":"https:\/\/ciranda.direito.ufmg.br\/index.php\/wp-json\/wp\/v2\/posts\/2423","targetHints":{"allow":["GET"]}}],"collection":[{"href":"https:\/\/ciranda.direito.ufmg.br\/index.php\/wp-json\/wp\/v2\/posts"}],"about":[{"href":"https:\/\/ciranda.direito.ufmg.br\/index.php\/wp-json\/wp\/v2\/types\/post"}],"author":[{"embeddable":true,"href":"https:\/\/ciranda.direito.ufmg.br\/index.php\/wp-json\/wp\/v2\/users\/6"}],"replies":[{"embeddable":true,"href":"https:\/\/ciranda.direito.ufmg.br\/index.php\/wp-json\/wp\/v2\/comments?post=2423"}],"version-history":[{"count":0,"href":"https:\/\/ciranda.direito.ufmg.br\/index.php\/wp-json\/wp\/v2\/posts\/2423\/revisions"}],"wp:attachment":[{"href":"https:\/\/ciranda.direito.ufmg.br\/index.php\/wp-json\/wp\/v2\/media?parent=2423"}],"wp:term":[{"taxonomy":"category","embeddable":true,"href":"https:\/\/ciranda.direito.ufmg.br\/index.php\/wp-json\/wp\/v2\/categories?post=2423"},{"taxonomy":"post_tag","embeddable":true,"href":"https:\/\/ciranda.direito.ufmg.br\/index.php\/wp-json\/wp\/v2\/tags?post=2423"}],"curies":[{"name":"wp","href":"https:\/\/api.w.org\/{rel}","templated":true}]}}